{"id":790,"date":"2019-06-26T21:52:16","date_gmt":"2019-06-27T01:52:16","guid":{"rendered":"http:\/\/www.nyphysicaltherapist.com\/blog\/?p=790"},"modified":"2019-06-26T21:52:16","modified_gmt":"2019-06-27T01:52:16","slug":"seminaras-alytaus-kolegijoje","status":"publish","type":"post","link":"https:\/\/www.nyphysicaltherapist.com\/blog\/2019\/06\/seminaras-alytaus-kolegijoje\/","title":{"rendered":"Seminaras Alytaus kolegijoje"},"content":{"rendered":"\n\t\t\t\t\n<figure class=\"wp-block-embed-facebook wp-block-embed is-type-video is-provider-facebook\"><div class=\"wp-block-embed__wrapper\">\n<div id=\"fb-root\"><\/div><script async=\"1\" defer=\"1\" crossorigin=\"anonymous\" src=\"https:\/\/connect.facebook.net\/en_US\/sdk.js#xfbml=1&amp;version=v7.0\" nonce=\"ZtFaQYxF\"><\/script><div class=\"fb-video\" data-href=\"https:\/\/www.facebook.com\/dzukijostv.lt\/videos\/572101436531145\/\" data-width=\"640\"><blockquote cite=\"https:\/\/www.facebook.com\/dzukijostv.lt\/videos\/572101436531145\/\" class=\"fb-xfbml-parse-ignore\"><a href=\"https:\/\/www.facebook.com\/dzukijostv.lt\/videos\/572101436531145\/\">Alytaus kolegijoje lank\u0117si ir seminar\u0105 ved\u0117 garsus Niujorko kineziterapeutas Samuelis Tacas<\/a><p>Alytaus kolegijoje lank\u0117si ir seminar\u0105 ved\u0117 garsus Niujorko kineziterapeutas Samuelis Tacas 2019 06 19<\/p>Posted by <a href=\"https:\/\/www.facebook.com\/dzukijostv.lt\/\">Dz\u016bkijos TV<\/a> on Wednesday, June 19, 2019<\/blockquote><\/div>\n<\/div><\/figure>\n\t\t","protected":false},"excerpt":{"rendered":"","protected":false},"author":1,"featured_media":0,"comment_status":"closed","ping_status":"open","sticky":false,"template":"","format":"standard","meta":[],"categories":[8,18],"tags":[],"_links":{"self":[{"href":"https:\/\/www.nyphysicaltherapist.com\/blog\/wp-json\/wp\/v2\/posts\/790"}],"collection":[{"href":"https:\/\/www.nyphysicaltherapist.com\/blog\/wp-json\/wp\/v2\/posts"}],"about":[{"href":"https:\/\/www.nyphysicaltherapist.com\/blog\/wp-json\/wp\/v2\/types\/post"}],"author":[{"embeddable":true,"href":"https:\/\/www.nyphysicaltherapist.com\/blog\/wp-json\/wp\/v2\/users\/1"}],"replies":[{"embeddable":true,"href":"https:\/\/www.nyphysicaltherapist.com\/blog\/wp-json\/wp\/v2\/comments?post=790"}],"version-history":[{"count":0,"href":"https:\/\/www.nyphysicaltherapist.com\/blog\/wp-json\/wp\/v2\/posts\/790\/revisions"}],"wp:attachment":[{"href":"https:\/\/www.nyphysicaltherapist.com\/blog\/wp-json\/wp\/v2\/media?parent=790"}],"wp:term":[{"taxonomy":"category","embeddable":true,"href":"https:\/\/www.nyphysicaltherapist.com\/blog\/wp-json\/wp\/v2\/categories?post=790"},{"taxonomy":"post_tag","embeddable":true,"href":"https:\/\/www.nyphysicaltherapist.com\/blog\/wp-json\/wp\/v2\/tags?post=790"}],"curies":[{"name":"wp","href":"https:\/\/api.w.org\/{rel}","templated":true}]}}