{"id":788,"date":"2019-06-26T21:48:11","date_gmt":"2019-06-27T01:48:11","guid":{"rendered":"http:\/\/www.nyphysicaltherapist.com\/blog\/?p=788"},"modified":"2019-06-26T21:48:11","modified_gmt":"2019-06-27T01:48:11","slug":"manksta-senjorams","status":"publish","type":"post","link":"https:\/\/www.nyphysicaltherapist.com\/blog\/2019\/06\/manksta-senjorams\/","title":{"rendered":"Mank\u0161ta senjorams"},"content":{"rendered":"\n\t\t\t\t\n<figure class=\"wp-block-embed-facebook wp-block-embed is-type-video is-provider-facebook\"><div class=\"wp-block-embed__wrapper\">\n<div id=\"fb-root\"><\/div><script async=\"1\" defer=\"1\" crossorigin=\"anonymous\" src=\"https:\/\/connect.facebook.net\/en_US\/sdk.js#xfbml=1&amp;version=v7.0\" nonce=\"bav0bpUP\"><\/script><div class=\"fb-video\" data-href=\"https:\/\/www.facebook.com\/LRT.labasrytas\/videos\/611122675957350\" data-width=\"640\"><blockquote cite=\"https:\/\/www.facebook.com\/LRT.labasrytas\/videos\/611122675957350\/\" class=\"fb-xfbml-parse-ignore\"><a href=\"https:\/\/www.facebook.com\/LRT.labasrytas\/videos\/611122675957350\/\">Mank\u0161ta senjorams LR 2019-10-02<\/a><p>Lietuvoje vie\u0161intis kineziterapeutas i\u0161 Niujorko Samuelis Tacas teigia, kad \u017emogus turi b\u016bti tarsi dirigentas, kuris moka suderinti savo k\u016bn\u0105 kaip instrument\u0105. Septyniasde\u0161imtmet\u012f perkop\u0119s kineziterapeutas jud\u0117jim\u0105 vadina sveikatos pagrindu ir dalijasi mank\u0161ta, kuri\u0105 pats atlieka kiekvien\u0105 ryt\u0105. #labasrytaslietuva #lrt_tv #rytomanksta #zvalusrytas #samuelistacas<\/p>Posted by <a href=\"https:\/\/www.facebook.com\/LRT.labasrytas\/\">LABAS RYTAS, LIETUVA<\/a> on Tuesday, October 2, 2018<\/blockquote><\/div>\n<\/div><\/figure>\n\n\n\n<p>Lietuvoje vie\u0161intis kineziterapeutas i\u0161 Niujorko Samuelis Tacas teigia, kad \u017emogus turi b\u016bti tarsi dirigentas, kuris moka suderinti savo k\u016bn\u0105 kaip instrument\u0105. Septyniasde\u0161imtmet\u012f perkop\u0119s kineziterapeutas jud\u0117jim\u0105 vadina sveikatos pagrindu ir dalijasi mank\u0161ta, kuri\u0105 pats atlieka kiekvien\u0105 ryt\u0105.<\/p>\n\t\t","protected":false},"excerpt":{"rendered":"<p>Lietuvoje vie\u0161intis kineziterapeutas i\u0161 Niujorko Samuelis Tacas teigia, kad \u017emogus turi b\u016bti tarsi dirigentas, kuris moka suderinti savo k\u016bn\u0105 kaip instrument\u0105. Septyniasde\u0161imtmet\u012f perkop\u0119s kineziterapeutas jud\u0117jim\u0105 vadina sveikatos pagrindu ir dalijasi mank\u0161ta, kuri\u0105 pats atlieka kiekvien\u0105 ryt\u0105.<\/p>\n","protected":false},"author":1,"featured_media":0,"comment_status":"closed","ping_status":"open","sticky":false,"template":"","format":"standard","meta":[],"categories":[8,18],"tags":[],"_links":{"self":[{"href":"https:\/\/www.nyphysicaltherapist.com\/blog\/wp-json\/wp\/v2\/posts\/788"}],"collection":[{"href":"https:\/\/www.nyphysicaltherapist.com\/blog\/wp-json\/wp\/v2\/posts"}],"about":[{"href":"https:\/\/www.nyphysicaltherapist.com\/blog\/wp-json\/wp\/v2\/types\/post"}],"author":[{"embeddable":true,"href":"https:\/\/www.nyphysicaltherapist.com\/blog\/wp-json\/wp\/v2\/users\/1"}],"replies":[{"embeddable":true,"href":"https:\/\/www.nyphysicaltherapist.com\/blog\/wp-json\/wp\/v2\/comments?post=788"}],"version-history":[{"count":0,"href":"https:\/\/www.nyphysicaltherapist.com\/blog\/wp-json\/wp\/v2\/posts\/788\/revisions"}],"wp:attachment":[{"href":"https:\/\/www.nyphysicaltherapist.com\/blog\/wp-json\/wp\/v2\/media?parent=788"}],"wp:term":[{"taxonomy":"category","embeddable":true,"href":"https:\/\/www.nyphysicaltherapist.com\/blog\/wp-json\/wp\/v2\/categories?post=788"},{"taxonomy":"post_tag","embeddable":true,"href":"https:\/\/www.nyphysicaltherapist.com\/blog\/wp-json\/wp\/v2\/tags?post=788"}],"curies":[{"name":"wp","href":"https:\/\/api.w.org\/{rel}","templated":true}]}}